{"id":2210,"date":"2017-01-22T19:39:18","date_gmt":"2017-01-22T18:39:18","guid":{"rendered":"http:\/\/cttt.de\/?p=2210"},"modified":"2017-01-23T13:32:20","modified_gmt":"2017-01-23T12:32:20","slug":"lem-2017-in-fuerstenwalde","status":"publish","type":"post","link":"https:\/\/cttt.de\/?p=2210","title":{"rendered":"LEM 2017 in F\u00fcrstenwalde"},"content":{"rendered":"<p style=\"text-align: justify;\"><a href=\"https:\/\/cttt.de\/wp-content\/uploads\/2017\/01\/P1090273.jpg\"><img loading=\"lazy\" decoding=\"async\" class=\" wp-image-2233 alignleft\" src=\"https:\/\/cttt.de\/wp-content\/uploads\/2017\/01\/P1090273-300x225.jpg\" alt=\"\" width=\"367\" height=\"275\" srcset=\"https:\/\/cttt.de\/wp-content\/uploads\/2017\/01\/P1090273-300x225.jpg 300w, https:\/\/cttt.de\/wp-content\/uploads\/2017\/01\/P1090273-768x576.jpg 768w, https:\/\/cttt.de\/wp-content\/uploads\/2017\/01\/P1090273-1024x768.jpg 1024w, https:\/\/cttt.de\/wp-content\/uploads\/2017\/01\/P1090273-175x131.jpg 175w, https:\/\/cttt.de\/wp-content\/uploads\/2017\/01\/P1090273-667x500.jpg 667w, https:\/\/cttt.de\/wp-content\/uploads\/2017\/01\/P1090273.jpg 1152w\" sizes=\"auto, (max-width: 367px) 100vw, 367px\" \/><\/a>Es ist Samstagmorgen und\u00a0w\u00e4hrend der Durchschnitts-Willy noch schl\u00e4ft machen sich ein paar Sportfreunde auf nach F\u00fcrstenwalde an der Spree, um bei den Landesmeisterschaften bestm\u00f6glich abzuschneiden, zuzugucken\u00a0oder einfach nur um zu fahren. Haufend TT-Spieler und eine noch kalte Halle &#8211; hier sind wir wohl richtig.<\/p>\n<p style=\"text-align: justify;\">&#8211; Vorneweg sind hier die Ergebnisse &#8211; <a href=\"http:\/\/www.ttvb.de\/cms\/fileadmin\/dateien\/cms\/uploads\/media\/Spielbetrieb\/Ergebnisse\/Einzelmeisterschaften\/em_2016-17\/lem17_da.pdf\" target=\"_blank\">Damen<\/a> &#8211; <a href=\"http:\/\/www.ttvb.de\/cms\/fileadmin\/dateien\/cms\/uploads\/media\/Spielbetrieb\/Ergebnisse\/Einzelmeisterschaften\/em_2016-17\/lem17_he.pdf\" target=\"_blank\">Herren<\/a> &#8211;<\/p>\n<p style=\"text-align: justify;\">Die Vorrunde bei den Herren gestaltet sich relativ deutlich. W\u00e4hrend Felix und Philipp leider ohne Spielgewinn jeweils Gruppenletzter werden,\u00a0ist es bei Reno schon so viel knapper (beide Niederlagen im 5. Satz), aber \u00e4ndert leid<a href=\"https:\/\/cttt.de\/wp-content\/uploads\/2017\/01\/P1090206.jpg\"><img loading=\"lazy\" decoding=\"async\" class=\"wp-image-2218 alignright\" src=\"https:\/\/cttt.de\/wp-content\/uploads\/2017\/01\/P1090206-300x225.jpg\" width=\"476\" height=\"357\" srcset=\"https:\/\/cttt.de\/wp-content\/uploads\/2017\/01\/P1090206-300x225.jpg 300w, https:\/\/cttt.de\/wp-content\/uploads\/2017\/01\/P1090206-768x576.jpg 768w, https:\/\/cttt.de\/wp-content\/uploads\/2017\/01\/P1090206-1024x768.jpg 1024w, https:\/\/cttt.de\/wp-content\/uploads\/2017\/01\/P1090206-175x131.jpg 175w, https:\/\/cttt.de\/wp-content\/uploads\/2017\/01\/P1090206-667x500.jpg 667w, https:\/\/cttt.de\/wp-content\/uploads\/2017\/01\/P1090206.jpg 1152w\" sizes=\"auto, (max-width: 476px) 100vw, 476px\" \/><\/a>er auch nichts an der Tatsache, dass er im Einzelgeschehen nur noch zuschauen kann. Bei Christian k\u00f6nnte man auch von einem Weiterkommen ausgehen, aber seine momentane Form macht auch vor den LEM nicht Halt.<br \/>\n<span style=\"font-size: 20px; color: #656565;\">Bleiben noch zwei Spieler \u00fcbrig &#8211; M&amp;M. Marco wird relativ souver\u00e4n Gruppenerster und M<\/span><span style=\"font-size: 20px; color: #656565;\">ax spielt wieder mal ein super Turnier und belohnt sich selbst durch Siege gegen Mathias Sch\u00fctze (Marxdorf) und Falco Dost (Potsdam) und zieht als Gruppenzweiter in die KO-Runde ein.<\/span><\/p>\n<p style=\"text-align: justify;\">Zur gleichen Zeit bei den M\u00e4dels. Lea schafft es nicht aus der Gruppe, die u.a. aus der sp\u00e4teren Landesmeisterin besteht, heraus. Lisa hat auch nicht ihren allerbesten Tag und muss sich ebenfalls aufs Doppel konzentrieren.<\/p>\n<p><a href=\"https:\/\/cttt.de\/wp-content\/uploads\/2017\/01\/P1090230.jpg\"><img loading=\"lazy\" decoding=\"async\" class=\"wp-image-2225 alignleft\" src=\"https:\/\/cttt.de\/wp-content\/uploads\/2017\/01\/P1090230-300x225.jpg\" alt=\"\" width=\"391\" height=\"293\" srcset=\"https:\/\/cttt.de\/wp-content\/uploads\/2017\/01\/P1090230-300x225.jpg 300w, https:\/\/cttt.de\/wp-content\/uploads\/2017\/01\/P1090230-768x576.jpg 768w, https:\/\/cttt.de\/wp-content\/uploads\/2017\/01\/P1090230-1024x768.jpg 1024w, https:\/\/cttt.de\/wp-content\/uploads\/2017\/01\/P1090230-175x131.jpg 175w, https:\/\/cttt.de\/wp-content\/uploads\/2017\/01\/P1090230-667x500.jpg 667w, https:\/\/cttt.de\/wp-content\/uploads\/2017\/01\/P1090230.jpg 1152w\" sizes=\"auto, (max-width: 391px) 100vw, 391px\" \/><\/a>Einzig Sandra schafft es in die KO-Runde, aber die &#8222;okaye&#8220; Auslosung steht immer noch dem wenigen Training gegen\u00fcber. Am Ende muss Sandra der Stahnsdorferin Grunert zum knappen Sieg gratulieren. Parallel verliert Max in einem guten Spiel gegen Thomas Jannek. Schade,\u00a0etwas mehr w\u00e4re bei beiden drin gewesen. Schicke r\u00e4umt zwei Finower (Kirsten, E. &amp; Fehlinger) aus dem Weg,\u00a0um im Halbfinale gegen Meder 0:4 zu verlieren. Damit hei\u00dft es 3. Platz\u00a0&#8211; Gl\u00fcckwunsch! Max kann sich sp\u00e4ter mit dem Ehrenpokal des TTVB tr\u00f6sten. Das lief ja dann doch, wie geschmiert &#8211; \u00d6ljoe! ;&#8216;)<\/p>\n<p style=\"text-align: justify;\">Zu den Doppeln muss ich leider nicht viel schreiben, schlie\u00dflich gewinnen nur Reno &amp; Marco ein Spiel, w\u00e4hrend alle anderen Doppel bereits im ersten Spiel scheitern.<\/p>\n<p style=\"text-align: justify;\">Das Event an sich war relativ spannungslos, das \u00fcberschaubare Publikum relativ leise. Ein Grund hierf\u00fcr liegt &#8211; im Herrenbereich &#8211; auch an der Dominanz von Geltow, aber der Trend ist auch unabh\u00e4ngig davon erkennbar.\u00a0Vielleicht muss man die Landesmeisterschaften an die Gegebenheiten in Brandenburg besser anpassen. Auf alle F\u00e4lle w\u00e4re eine w\u00e4rmere Halle bereits ein Anfang. Aber das ist nat\u00fcrlich rein subjektives Meckern und soll nur die Luft nach oben aufzeigen. :&#8216;)<\/p>\n<p>Am Ende war es doch wieder ein erfahrungsreicher TT-Samstag mit einigen lustigen Momenten.<\/p>\n<p style=\"text-align: justify;\">[nggallery id=18 images=26]<\/p>\n","protected":false},"excerpt":{"rendered":"<p>Es ist Samstagmorgen und\u00a0w\u00e4hrend der Durchschnitts-Willy noch schl\u00e4ft machen sich ein paar Sportfreunde auf nach F\u00fcrstenwalde an der Spree, um bei den Landesmeisterschaften bestm\u00f6glich abzuschneiden, zuzugucken\u00a0oder einfach nur um zu <a href=\"https:\/\/cttt.de\/?p=2210\" class=\"more-link\">[&hellip;]<\/a><\/p>\n","protected":false},"author":4,"featured_media":2218,"comment_status":"closed","ping_status":"closed","sticky":false,"template":"","format":"standard","meta":{"Layout":"","footnotes":""},"categories":[1],"tags":[],"class_list":["entry","author-basti","post-2210","post","type-post","status-publish","format-standard","has-post-thumbnail","category-uncategorized"],"_links":{"self":[{"href":"https:\/\/cttt.de\/index.php?rest_route=\/wp\/v2\/posts\/2210","targetHints":{"allow":["GET"]}}],"collection":[{"href":"https:\/\/cttt.de\/index.php?rest_route=\/wp\/v2\/posts"}],"about":[{"href":"https:\/\/cttt.de\/index.php?rest_route=\/wp\/v2\/types\/post"}],"author":[{"embeddable":true,"href":"https:\/\/cttt.de\/index.php?rest_route=\/wp\/v2\/users\/4"}],"replies":[{"embeddable":true,"href":"https:\/\/cttt.de\/index.php?rest_route=%2Fwp%2Fv2%2Fcomments&post=2210"}],"version-history":[{"count":18,"href":"https:\/\/cttt.de\/index.php?rest_route=\/wp\/v2\/posts\/2210\/revisions"}],"predecessor-version":[{"id":2253,"href":"https:\/\/cttt.de\/index.php?rest_route=\/wp\/v2\/posts\/2210\/revisions\/2253"}],"wp:featuredmedia":[{"embeddable":true,"href":"https:\/\/cttt.de\/index.php?rest_route=\/wp\/v2\/media\/2218"}],"wp:attachment":[{"href":"https:\/\/cttt.de\/index.php?rest_route=%2Fwp%2Fv2%2Fmedia&parent=2210"}],"wp:term":[{"taxonomy":"category","embeddable":true,"href":"https:\/\/cttt.de\/index.php?rest_route=%2Fwp%2Fv2%2Fcategories&post=2210"},{"taxonomy":"post_tag","embeddable":true,"href":"https:\/\/cttt.de\/index.php?rest_route=%2Fwp%2Fv2%2Ftags&post=2210"}],"curies":[{"name":"wp","href":"https:\/\/api.w.org\/{rel}","templated":true}]}}